{"id":254,"date":"2016-02-07T18:00:15","date_gmt":"2016-02-07T17:00:15","guid":{"rendered":"http:\/\/helpevol.be\/wp\/?p=254"},"modified":"2016-02-07T18:01:06","modified_gmt":"2016-02-07T17:01:06","slug":"trois-jours-de-rencontres-a-belle-ile-liege","status":"publish","type":"post","link":"http:\/\/helpevol.be\/wp\/254\/","title":{"rendered":"<span style=\"color: #0000ff; background-color: #ffffff;\"><strong>TROIS JOURS de RENCONTRES\u00a0\u00e0 BELLE-\u00ceLE Li\u00e8ge<\/strong><\/span>"},"content":{"rendered":"<p><span style=\"font-size: 16pt; color: #0000ff;\">ATELIER GEANT DU BIEN-\u00caTRE<\/span><\/p>\n<p><span style=\"font-size: 16pt; color: #0000ff;\">gracieusement accessible\u00a0au\u00a0public\u00a0<span style=\"color: #000000; font-size: 12pt;\">(du 14 au 26 mars)<\/span><\/span><\/p>\n<p><span style=\"font-size: 16pt; color: #0000ff;\"><br \/>\nLes jeudi 24, vendredi 25 et samedi 26 mars au centre commercial de Belle-\u00cele Li\u00e8ge<\/span><\/p>\n<p>Je participerai \u00e0 la quinzaine du Bien-\u00eatre qui invite \u00e0\u00a0rencontrer des artisans, des th\u00e9rapeutes, des commer\u00e7ants proposant des produits et ouvrages traitant du bien-\u00eatre sous toutes ses formes.<\/p>\n<p><strong><span style=\"color: #0000ff;\">Jeudi &amp; samedi de 10 \u00e0 19H &#8211; Vendredi de 10 \u00e0 20H.<\/span><\/strong><\/p>\n<p>Je proposerai mes ouvrages et ceux des auteurs \u00e9dit\u00e9s par ALFO-EDITIONS<br \/>\nJe pr\u00e9senterai \u00e9galement une s\u00e9lection de pendules, de pierres, d&rsquo;encens et d&rsquo;huiles essentielles pour le nettoyage, la purification et l&rsquo;harmonisation des maisons, ainsi que la protection du lieu et\/ou des personnes.<\/p>\n<p>Je proposerai des tests gratuits des \u00e9nergies individuelles et de la maison en vue de la lib\u00e9ration et la r\u00e9harmonisation.<\/p>\n<p>Au plaisir de vous rencontrer<\/p>\n<p>&nbsp;<\/p>\n<p>&nbsp;<\/p>\n","protected":false},"excerpt":{"rendered":"<p>ATELIER GEANT DU BIEN-\u00caTRE gracieusement accessible\u00a0au\u00a0public\u00a0(du 14 au 26 mars) Les jeudi 24, vendredi 25 et samedi 26 mars au centre commercial de Belle-\u00cele Li\u00e8ge Je participerai \u00e0 la quinzaine du Bien-\u00eatre qui invite \u00e0\u00a0rencontrer des artisans, des th\u00e9rapeutes, des commer\u00e7ants proposant des produits et ouvrages traitant du bien-\u00eatre sous toutes ses formes. Jeudi &amp; [&hellip;]<\/p>\n","protected":false},"author":3,"featured_media":0,"comment_status":"open","ping_status":"open","sticky":false,"template":"","format":"standard","meta":{"_exactmetrics_skip_tracking":false,"_exactmetrics_sitenote_active":false,"_exactmetrics_sitenote_note":"","_exactmetrics_sitenote_category":0,"jetpack_post_was_ever_published":false,"_jetpack_newsletter_access":"","_jetpack_dont_email_post_to_subs":false,"_jetpack_newsletter_tier_id":0,"_jetpack_memberships_contains_paywalled_content":false,"footnotes":"","_jetpack_memberships_contains_paid_content":false,"jetpack_publicize_message":"","jetpack_publicize_feature_enabled":true,"jetpack_social_post_already_shared":true,"jetpack_social_options":{"image_generator_settings":{"template":"highway","enabled":false}}},"categories":[3],"tags":[],"jetpack_publicize_connections":[],"jetpack_featured_media_url":"","jetpack_sharing_enabled":true,"jetpack_shortlink":"https:\/\/wp.me\/p5UDYl-46","_links":{"self":[{"href":"http:\/\/helpevol.be\/wp\/wp-json\/wp\/v2\/posts\/254"}],"collection":[{"href":"http:\/\/helpevol.be\/wp\/wp-json\/wp\/v2\/posts"}],"about":[{"href":"http:\/\/helpevol.be\/wp\/wp-json\/wp\/v2\/types\/post"}],"author":[{"embeddable":true,"href":"http:\/\/helpevol.be\/wp\/wp-json\/wp\/v2\/users\/3"}],"replies":[{"embeddable":true,"href":"http:\/\/helpevol.be\/wp\/wp-json\/wp\/v2\/comments?post=254"}],"version-history":[{"count":2,"href":"http:\/\/helpevol.be\/wp\/wp-json\/wp\/v2\/posts\/254\/revisions"}],"predecessor-version":[{"id":256,"href":"http:\/\/helpevol.be\/wp\/wp-json\/wp\/v2\/posts\/254\/revisions\/256"}],"wp:attachment":[{"href":"http:\/\/helpevol.be\/wp\/wp-json\/wp\/v2\/media?parent=254"}],"wp:term":[{"taxonomy":"category","embeddable":true,"href":"http:\/\/helpevol.be\/wp\/wp-json\/wp\/v2\/categories?post=254"},{"taxonomy":"post_tag","embeddable":true,"href":"http:\/\/helpevol.be\/wp\/wp-json\/wp\/v2\/tags?post=254"}],"curies":[{"name":"wp","href":"https:\/\/api.w.org\/{rel}","templated":true}]}}